{"id":1479,"date":"2016-11-21T13:31:25","date_gmt":"2016-11-21T11:31:25","guid":{"rendered":"http:\/\/nappynko.com\/blog\/?p=1479"},"modified":"2020-04-22T10:29:46","modified_gmt":"2020-04-22T08:29:46","slug":"3-aliments-a-integrer-alimentation-cet-hiver","status":"publish","type":"post","link":"https:\/\/nappynko.com\/blog\/3-aliments-a-integrer-alimentation-cet-hiver\/","title":{"rendered":"Les 3 aliments \u00e0 int\u00e9grer dans votre alimentation cet hiver"},"content":{"rendered":"<p style=\"text-align: justify;\">L\u2019hiver arrive et il est temps de faire un point sur les aliments qui peuvent fortifier vos cheveux. Durant cette longue saison, vos cheveux sont en proie aux al\u00e9as de la m\u00e9t\u00e9o. Pour les cheveux \u00e0 tendance secs et fragiles, il est important de bien s\u2019alimenter pour apporter aux racines tous les \u00e9l\u00e9ments n\u00e9cessaires \u00e0 la fabrication des cheveux.<\/p>\n<p style=\"text-align: justify;\">Puisque la beaut\u00e9 de vos cheveux et leur tonus, d\u00e9pendent en partie de votre alimentation. Aujourd&rsquo;hui, nous allons vous d\u00e9voiler 3 cat\u00e9gories de produits \u00e0 privil\u00e9gier en hiver.<\/p>\n<h4 style=\"text-align: justify;\"><strong>1) Les vitamines\u00a0: stimuleront la croissance de vos cheveux<\/strong><\/h4>\n<p style=\"text-align: justify;\">L\u2019hiver est souvent synonyme de plats chauds, comme la soupe. Il s\u2019agit d\u2019un plat phare de l\u2019hiver, \u00a0vous ravirez vos papilles tout en prenant soin de vos cheveux. On nous le r\u00e9p\u00e8te souvent \u00ab mangez 5 fruits et l\u00e9gumes par jour \u00bb. \u00a0Et bien l\u00e0 aussi vous n\u2019avez plus qu\u2019\u00e0 appliquer ce slogan en d\u00e9vorant les fruits ! En effet, ils sont principalement riches en vitamine A, alors vous pouvez opter pour des d\u00e9licieux cocktails de fruits.<\/p>\n<h4 style=\"text-align: justify;\"><strong>2) Les prot\u00e9ines\u00a0: fortifieront votre fibre capillaire<\/strong><\/h4>\n<p style=\"text-align: justify;\">Elles sont essentielles, car elles d\u00e9terminent la k\u00e9ratinisation (formation de cellules capillaires). Les prot\u00e9ines contiennent des acides amin\u00e9s soufr\u00e9s qui aident \u00e0 renforcer la structure du cheveu. Elles sont principalement pr\u00e9sentes dans les sources animales comme la viande maigre (volaille), et le poisson comme la sole ou le thon. De m\u00eame, dans les produits laitiers, les \u0153ufs et les l\u00e9gumes secs (haricots, lentilles, pois) ou bien d\u2019autres sources v\u00e9g\u00e9tales comme la pistache et l\u2019amande.<\/p>\n<h4 style=\"text-align: justify;\"><strong>3) Les c\u00e9r\u00e9ales compl\u00e8tes\u00a0: donneront tonus et vitalit\u00e9<\/strong><\/h4>\n<p style=\"text-align: justify;\">Le germe de bl\u00e9 poss\u00e8de nombreuses propri\u00e9t\u00e9s. En effet, tout d&rsquo;abord il influe directement sur la sant\u00e9 de la peau, des ongles et des cheveux. En l\u2019incorporant \u00e0 votre routine \u00e0 partir d\u2019ingr\u00e9dients tels que le quinoa ou \u00a0la semoule, vous r\u00e9ussirez \u00e0 avoir des cheveux plus sains et brillants. Et cela, en raison de la dose \u00e9lev\u00e9e de vitamine B dont les B1, B2 et B6. En plus, il contient du zinc qui apporte plus de vitalit\u00e9 et de sant\u00e9 \u00e0 ces parties de votre corps. Pensez donc aux c\u00e9r\u00e9ales du matin, au muesli ou encore, au pain complet.<\/p>\n<p style=\"text-align: justify;\">Remarque : si vous avez du mal \u00e0 tenir une alimentation saine, il existe toujours une solution pour vous. Il s&rsquo;agit des\u00a0<strong>compl\u00e9ments alimentaires qui boosteront votre organisme.\u00a0<\/strong><\/p>\n<p style=\"text-align: justify;\">Ceux, riches en vitamine A, sont conseill\u00e9s pour les cheveux tr\u00e8s secs et ab\u00eem\u00e9s, avec des formules comme l\u2019huile de foie de poissons (morue, fl\u00e9tan), laitance de poissons, pollen, germe de bl\u00e9. Les compl\u00e9ments riches en magn\u00e9sium, conseill\u00e9s pour les cheveux cassants et ternes seront ceux \u00e0 base d\u2019eau de mer ou de farine d&rsquo;os.<\/p>\n<p style=\"text-align: justify;\">Je sais tout cela n\u2019a pas l\u2019air tr\u00e8s app\u00e9tissants, mais comme on le sait d\u00e9j\u00e0 \u00ab il faut souffrir pour \u00eatre belle \u00bb ;-).<\/p>\n<p style=\"text-align: justify;\"><strong>\u00a0<\/strong><strong>&gt;&gt; Attention, \u00e0 bannir de votre alimentation &lt;&lt;<\/strong><\/p>\n<p style=\"text-align: justify;\">Certains aliments et habitudes alimentaires provoquent ou acc\u00e9l\u00e8rent la chute des cheveux. Beaucoup d\u2019entre nous ne le savent pas\u00a0<strong>mais le pain blanc, les frites, les p\u00e2tes trop cuites et les sodas sont aussi des ennemis pour nos cheveux<\/strong>. Moins un produit a subi de transformations, mieux c\u2019est pour la sant\u00e9 des cheveux. Pr\u00e9f\u00e9rez par exemple des p\u00e2tes al dente au lieu de trop les cuire, consommez du pain complet au lieu du pain blanc.<\/p>\n<p style=\"text-align: justify;\"><em>Mais attention ne vous privez pas de tout, faites-vous plaisir car, l\u2019\u00e9tat de vos cheveux est souvent le reflet de notre esprit\u00a0!<\/em><\/p>\n\n\n<p><\/p>\n","protected":false},"excerpt":{"rendered":"<p>L\u2019hiver arrive et il est temps de faire un point sur les aliments qui peuvent fortifier vos cheveux. Durant cette longue saison, vos cheveux sont en proie aux al\u00e9as de la m\u00e9t\u00e9o. Pour les cheveux \u00e0 tendance secs et fragiles, il est important de bien s\u2019alimenter pour apporter aux racines tous les \u00e9l\u00e9ments n\u00e9cessaires \u00e0 la fabrication des cheveux. Puisque la beaut\u00e9 de vos cheveux et leur tonus, d\u00e9pendent en partie de votre alimentation. Aujourd&rsquo;hui, nous allons vous d\u00e9voiler 3 cat\u00e9gories de produits \u00e0 privil\u00e9gier en hiver. 1) Les vitamines\u00a0: stimuleront la croissance de vos cheveux L\u2019hiver est souvent synonyme de plats chauds, comme la soupe. Il s\u2019agit d\u2019un plat phare de l\u2019hiver, \u00a0vous ravirez vos papilles tout en prenant soin de vos cheveux. On nous le r\u00e9p\u00e8te souvent \u00ab mangez 5 fruits et l\u00e9gumes par jour \u00bb. \u00a0Et bien l\u00e0 aussi vous n\u2019avez plus qu\u2019\u00e0 appliquer ce slogan en d\u00e9vorant les fruits ! En effet, ils sont principalement riches en vitamine A, alors vous pouvez opter pour des d\u00e9licieux cocktails de fruits. 2) Les prot\u00e9ines\u00a0: fortifieront votre fibre capillaire Elles sont essentielles, car elles d\u00e9terminent la k\u00e9ratinisation (formation de cellules capillaires). Les prot\u00e9ines contiennent des acides amin\u00e9s soufr\u00e9s qui aident \u00e0 renforcer la structure du cheveu. Elles sont principalement pr\u00e9sentes dans les sources animales comme la viande maigre (volaille), et le poisson comme la sole ou le thon. De m\u00eame, dans les produits laitiers, les \u0153ufs et les l\u00e9gumes secs (haricots, lentilles, pois) ou bien d\u2019autres sources v\u00e9g\u00e9tales comme la pistache et l\u2019amande. 3) Les c\u00e9r\u00e9ales compl\u00e8tes\u00a0: donneront tonus et vitalit\u00e9 Le germe de bl\u00e9 poss\u00e8de nombreuses propri\u00e9t\u00e9s. En effet, tout d&rsquo;abord il influe directement sur la sant\u00e9 de la peau, des ongles et des cheveux. En l\u2019incorporant \u00e0 votre routine \u00e0 partir d\u2019ingr\u00e9dients tels que le quinoa ou \u00a0la semoule, vous r\u00e9ussirez \u00e0 avoir des cheveux plus sains et brillants. Et cela, en raison de la dose \u00e9lev\u00e9e de vitamine B dont les B1, B2 et B6. En plus, il contient du zinc qui apporte plus de vitalit\u00e9 et de sant\u00e9 \u00e0 ces parties de votre corps. Pensez donc aux c\u00e9r\u00e9ales du matin, au muesli ou encore, au pain complet. Remarque : si vous avez du mal \u00e0 tenir une alimentation saine, il existe toujours une solution pour vous. Il s&rsquo;agit des\u00a0compl\u00e9ments alimentaires qui boosteront votre organisme.\u00a0 Ceux, riches en vitamine A, sont conseill\u00e9s pour les cheveux tr\u00e8s secs et ab\u00eem\u00e9s, avec des formules comme l\u2019huile de foie de poissons (morue, fl\u00e9tan), laitance de poissons, pollen, germe de bl\u00e9. Les compl\u00e9ments riches en magn\u00e9sium, conseill\u00e9s pour les cheveux cassants et ternes seront ceux \u00e0 base d\u2019eau de mer ou de farine d&rsquo;os. Je sais tout cela n\u2019a pas l\u2019air tr\u00e8s app\u00e9tissants, mais comme on le sait d\u00e9j\u00e0 \u00ab il faut souffrir pour \u00eatre belle \u00bb ;-). \u00a0&gt;&gt; Attention, \u00e0 bannir de votre alimentation &lt;&lt; Certains aliments et habitudes alimentaires provoquent ou acc\u00e9l\u00e8rent la chute des cheveux. Beaucoup d\u2019entre nous ne le savent pas\u00a0mais le pain blanc, les frites, les p\u00e2tes trop cuites et les sodas sont aussi des ennemis pour nos cheveux. Moins un produit a subi de transformations, mieux c\u2019est pour la sant\u00e9 des cheveux. Pr\u00e9f\u00e9rez par exemple des p\u00e2tes al dente au lieu de trop les cuire, consommez du pain complet au lieu du pain blanc. Mais attention ne vous privez pas de tout, faites-vous plaisir car, l\u2019\u00e9tat de vos cheveux est souvent le reflet de notre esprit\u00a0!<\/p>\n","protected":false},"author":4,"featured_media":1481,"comment_status":"open","ping_status":"open","sticky":false,"template":"","format":"standard","meta":{"om_disable_all_campaigns":false,"_monsterinsights_skip_tracking":false,"_monsterinsights_sitenote_active":false,"_monsterinsights_sitenote_note":"","_monsterinsights_sitenote_category":0,"_uf_show_specific_survey":0,"_uf_disable_surveys":false,"footnotes":""},"categories":[14,15,20],"tags":[50,116,167,254,267,303],"class_list":["post-1479","post","type-post","status-publish","format-standard","has-post-thumbnail","hentry","category-lentretien-au-quotidien_kezako","category-la-chute-des-cheveux","category-les-bienfaits-de-la-nature","tag-alimentation","tag-complements-alimentaires","tag-hiver","tag-pousse-des-cheveux","tag-routine","tag-vitamines"],"yoast_head":"<!-- This site is optimized with the Yoast SEO plugin v27.3 - https:\/\/yoast.com\/product\/yoast-seo-wordpress\/ -->\n<title>Hiver : les 3 aliments \u00e0 int\u00e9grer dans votre alimentation<\/title>\n<meta name=\"description\" content=\"L&#039;hiver arrive \u00e0 grand pas et de ce fait nous vous proposons 3 cat\u00e9gories d&#039;aliments \u00e0 int\u00e9grer dans votre alimentation cet hiver\" \/>\n<meta name=\"robots\" content=\"index, follow, max-snippet:-1, max-image-preview:large, max-video-preview:-1\" \/>\n<link rel=\"canonical\" href=\"https:\/\/nappynko.com\/blog\/3-aliments-a-integrer-alimentation-cet-hiver\/\" \/>\n<meta property=\"og:locale\" content=\"fr_FR\" \/>\n<meta property=\"og:type\" content=\"article\" \/>\n<meta property=\"og:title\" content=\"Hiver : les 3 aliments \u00e0 int\u00e9grer dans votre alimentation\" \/>\n<meta property=\"og:description\" content=\"L&#039;hiver arrive \u00e0 grand pas et de ce fait nous vous proposons 3 cat\u00e9gories d&#039;aliments \u00e0 int\u00e9grer dans votre alimentation cet hiver\" \/>\n<meta property=\"og:url\" content=\"https:\/\/nappynko.com\/blog\/3-aliments-a-integrer-alimentation-cet-hiver\/\" \/>\n<meta property=\"og:site_name\" content=\"Nappy N&#039;ko : Conseils, astuces pour cheveux cr\u00e9pus, fris\u00e9s et ondul\u00e9s au naturel !\" \/>\n<meta property=\"article:publisher\" content=\"https:\/\/www.facebook.com\/NappyNKo\/\" \/>\n<meta property=\"article:published_time\" content=\"2016-11-21T11:31:25+00:00\" \/>\n<meta property=\"article:modified_time\" content=\"2020-04-22T08:29:46+00:00\" \/>\n<meta property=\"og:image\" content=\"https:\/\/nappynko.com\/blog\/wp-content\/uploads\/2016\/11\/54776181_ml.jpg\" \/>\n\t<meta property=\"og:image:width\" content=\"1678\" \/>\n\t<meta property=\"og:image:height\" content=\"1119\" \/>\n\t<meta property=\"og:image:type\" content=\"image\/jpeg\" \/>\n<meta name=\"author\" content=\"NappynkoBlog2\" \/>\n<meta name=\"twitter:card\" content=\"summary_large_image\" \/>\n<meta name=\"twitter:creator\" content=\"@Nappynko\" \/>\n<meta name=\"twitter:site\" content=\"@Nappynko\" \/>\n<meta name=\"twitter:label1\" content=\"\u00c9crit par\" \/>\n\t<meta name=\"twitter:data1\" content=\"NappynkoBlog2\" \/>\n\t<meta name=\"twitter:label2\" content=\"Dur\u00e9e de lecture estim\u00e9e\" \/>\n\t<meta name=\"twitter:data2\" content=\"3 minutes\" \/>\n<script type=\"application\/ld+json\" class=\"yoast-schema-graph\">{\"@context\":\"https:\\\/\\\/schema.org\",\"@graph\":[{\"@type\":\"Article\",\"@id\":\"https:\\\/\\\/nappynko.com\\\/blog\\\/3-aliments-a-integrer-alimentation-cet-hiver\\\/#article\",\"isPartOf\":{\"@id\":\"https:\\\/\\\/nappynko.com\\\/blog\\\/3-aliments-a-integrer-alimentation-cet-hiver\\\/\"},\"author\":{\"name\":\"NappynkoBlog2\",\"@id\":\"https:\\\/\\\/nappynko.com\\\/blog\\\/#\\\/schema\\\/person\\\/b2240ea937a742abd56b09cfc855c4dd\"},\"headline\":\"Les 3 aliments \u00e0 int\u00e9grer dans votre alimentation cet hiver\",\"datePublished\":\"2016-11-21T11:31:25+00:00\",\"dateModified\":\"2020-04-22T08:29:46+00:00\",\"mainEntityOfPage\":{\"@id\":\"https:\\\/\\\/nappynko.com\\\/blog\\\/3-aliments-a-integrer-alimentation-cet-hiver\\\/\"},\"wordCount\":635,\"commentCount\":0,\"publisher\":{\"@id\":\"https:\\\/\\\/nappynko.com\\\/blog\\\/#organization\"},\"image\":{\"@id\":\"https:\\\/\\\/nappynko.com\\\/blog\\\/3-aliments-a-integrer-alimentation-cet-hiver\\\/#primaryimage\"},\"thumbnailUrl\":\"https:\\\/\\\/nappynko.com\\\/blog\\\/wp-content\\\/uploads\\\/2016\\\/11\\\/54776181_ml.jpg\",\"keywords\":[\"Alimentation\",\"Compl\u00e9ments alimentaires\",\"Hiver\",\"pousse des cheveux\",\"Routine\",\"vitamines\"],\"articleSection\":[\"L'entretien au quotidien_Kezako\",\"La chute des cheveux\",\"Les bienfaits de la nature\"],\"inLanguage\":\"fr-FR\",\"potentialAction\":[{\"@type\":\"CommentAction\",\"name\":\"Comment\",\"target\":[\"https:\\\/\\\/nappynko.com\\\/blog\\\/3-aliments-a-integrer-alimentation-cet-hiver\\\/#respond\"]}]},{\"@type\":\"WebPage\",\"@id\":\"https:\\\/\\\/nappynko.com\\\/blog\\\/3-aliments-a-integrer-alimentation-cet-hiver\\\/\",\"url\":\"https:\\\/\\\/nappynko.com\\\/blog\\\/3-aliments-a-integrer-alimentation-cet-hiver\\\/\",\"name\":\"Hiver : les 3 aliments \u00e0 int\u00e9grer dans votre alimentation\",\"isPartOf\":{\"@id\":\"https:\\\/\\\/nappynko.com\\\/blog\\\/#website\"},\"primaryImageOfPage\":{\"@id\":\"https:\\\/\\\/nappynko.com\\\/blog\\\/3-aliments-a-integrer-alimentation-cet-hiver\\\/#primaryimage\"},\"image\":{\"@id\":\"https:\\\/\\\/nappynko.com\\\/blog\\\/3-aliments-a-integrer-alimentation-cet-hiver\\\/#primaryimage\"},\"thumbnailUrl\":\"https:\\\/\\\/nappynko.com\\\/blog\\\/wp-content\\\/uploads\\\/2016\\\/11\\\/54776181_ml.jpg\",\"datePublished\":\"2016-11-21T11:31:25+00:00\",\"dateModified\":\"2020-04-22T08:29:46+00:00\",\"description\":\"L'hiver arrive \u00e0 grand pas et de ce fait nous vous proposons 3 cat\u00e9gories d'aliments \u00e0 int\u00e9grer dans votre alimentation cet hiver\",\"breadcrumb\":{\"@id\":\"https:\\\/\\\/nappynko.com\\\/blog\\\/3-aliments-a-integrer-alimentation-cet-hiver\\\/#breadcrumb\"},\"inLanguage\":\"fr-FR\",\"potentialAction\":[{\"@type\":\"ReadAction\",\"target\":[\"https:\\\/\\\/nappynko.com\\\/blog\\\/3-aliments-a-integrer-alimentation-cet-hiver\\\/\"]}]},{\"@type\":\"ImageObject\",\"inLanguage\":\"fr-FR\",\"@id\":\"https:\\\/\\\/nappynko.com\\\/blog\\\/3-aliments-a-integrer-alimentation-cet-hiver\\\/#primaryimage\",\"url\":\"https:\\\/\\\/nappynko.com\\\/blog\\\/wp-content\\\/uploads\\\/2016\\\/11\\\/54776181_ml.jpg\",\"contentUrl\":\"https:\\\/\\\/nappynko.com\\\/blog\\\/wp-content\\\/uploads\\\/2016\\\/11\\\/54776181_ml.jpg\",\"width\":1678,\"height\":1119,\"caption\":\"54776181 - balanced diet, cooking, culinary and food concept - close up of different foodstuffs on table\"},{\"@type\":\"BreadcrumbList\",\"@id\":\"https:\\\/\\\/nappynko.com\\\/blog\\\/3-aliments-a-integrer-alimentation-cet-hiver\\\/#breadcrumb\",\"itemListElement\":[{\"@type\":\"ListItem\",\"position\":1,\"name\":\"Accueil\",\"item\":\"https:\\\/\\\/nappynko.com\\\/blog\\\/\"},{\"@type\":\"ListItem\",\"position\":2,\"name\":\"Les 3 aliments \u00e0 int\u00e9grer dans votre alimentation cet hiver\"}]},{\"@type\":\"WebSite\",\"@id\":\"https:\\\/\\\/nappynko.com\\\/blog\\\/#website\",\"url\":\"https:\\\/\\\/nappynko.com\\\/blog\\\/\",\"name\":\"Nappy N'ko : Conseils, astuces pour cheveux cr\u00e9pus, fris\u00e9s et ondul\u00e9s au naturel !\",\"description\":\"\",\"publisher\":{\"@id\":\"https:\\\/\\\/nappynko.com\\\/blog\\\/#organization\"},\"potentialAction\":[{\"@type\":\"SearchAction\",\"target\":{\"@type\":\"EntryPoint\",\"urlTemplate\":\"https:\\\/\\\/nappynko.com\\\/blog\\\/?s={search_term_string}\"},\"query-input\":{\"@type\":\"PropertyValueSpecification\",\"valueRequired\":true,\"valueName\":\"search_term_string\"}}],\"inLanguage\":\"fr-FR\"},{\"@type\":\"Organization\",\"@id\":\"https:\\\/\\\/nappynko.com\\\/blog\\\/#organization\",\"name\":\"Nappy N'ko\",\"url\":\"https:\\\/\\\/nappynko.com\\\/blog\\\/\",\"logo\":{\"@type\":\"ImageObject\",\"inLanguage\":\"fr-FR\",\"@id\":\"https:\\\/\\\/nappynko.com\\\/blog\\\/#\\\/schema\\\/logo\\\/image\\\/\",\"url\":\"https:\\\/\\\/nappynko.com\\\/blog\\\/wp-content\\\/uploads\\\/2015\\\/07\\\/logo-nappy-n-ko-produits-nappy.jpg\",\"contentUrl\":\"https:\\\/\\\/nappynko.com\\\/blog\\\/wp-content\\\/uploads\\\/2015\\\/07\\\/logo-nappy-n-ko-produits-nappy.jpg\",\"width\":139,\"height\":140,\"caption\":\"Nappy N'ko\"},\"image\":{\"@id\":\"https:\\\/\\\/nappynko.com\\\/blog\\\/#\\\/schema\\\/logo\\\/image\\\/\"},\"sameAs\":[\"https:\\\/\\\/www.facebook.com\\\/NappyNKo\\\/\",\"https:\\\/\\\/x.com\\\/Nappynko\",\"https:\\\/\\\/www.instagram.com\\\/nappy_nko\\\/\",\"https:\\\/\\\/www.pinterest.fr\\\/nappyNko\\\/pins\\\/\"]},{\"@type\":\"Person\",\"@id\":\"https:\\\/\\\/nappynko.com\\\/blog\\\/#\\\/schema\\\/person\\\/b2240ea937a742abd56b09cfc855c4dd\",\"name\":\"NappynkoBlog2\",\"image\":{\"@type\":\"ImageObject\",\"inLanguage\":\"fr-FR\",\"@id\":\"https:\\\/\\\/secure.gravatar.com\\\/avatar\\\/3aaca9ea28b48d2023f4704ebe122948837bf43095bb8daacfa2f906b7904e73?s=96&d=mm&r=g\",\"url\":\"https:\\\/\\\/secure.gravatar.com\\\/avatar\\\/3aaca9ea28b48d2023f4704ebe122948837bf43095bb8daacfa2f906b7904e73?s=96&d=mm&r=g\",\"contentUrl\":\"https:\\\/\\\/secure.gravatar.com\\\/avatar\\\/3aaca9ea28b48d2023f4704ebe122948837bf43095bb8daacfa2f906b7904e73?s=96&d=mm&r=g\",\"caption\":\"NappynkoBlog2\"},\"url\":\"https:\\\/\\\/nappynko.com\\\/blog\\\/author\\\/nappynkoblog2\\\/\"}]}<\/script>\n<!-- \/ Yoast SEO plugin. -->","yoast_head_json":{"title":"Hiver : les 3 aliments \u00e0 int\u00e9grer dans votre alimentation","description":"L'hiver arrive \u00e0 grand pas et de ce fait nous vous proposons 3 cat\u00e9gories d'aliments \u00e0 int\u00e9grer dans votre alimentation cet hiver","robots":{"index":"index","follow":"follow","max-snippet":"max-snippet:-1","max-image-preview":"max-image-preview:large","max-video-preview":"max-video-preview:-1"},"canonical":"https:\/\/nappynko.com\/blog\/3-aliments-a-integrer-alimentation-cet-hiver\/","og_locale":"fr_FR","og_type":"article","og_title":"Hiver : les 3 aliments \u00e0 int\u00e9grer dans votre alimentation","og_description":"L'hiver arrive \u00e0 grand pas et de ce fait nous vous proposons 3 cat\u00e9gories d'aliments \u00e0 int\u00e9grer dans votre alimentation cet hiver","og_url":"https:\/\/nappynko.com\/blog\/3-aliments-a-integrer-alimentation-cet-hiver\/","og_site_name":"Nappy N&#039;ko : Conseils, astuces pour cheveux cr\u00e9pus, fris\u00e9s et ondul\u00e9s au naturel !","article_publisher":"https:\/\/www.facebook.com\/NappyNKo\/","article_published_time":"2016-11-21T11:31:25+00:00","article_modified_time":"2020-04-22T08:29:46+00:00","og_image":[{"width":1678,"height":1119,"url":"https:\/\/nappynko.com\/blog\/wp-content\/uploads\/2016\/11\/54776181_ml.jpg","type":"image\/jpeg"}],"author":"NappynkoBlog2","twitter_card":"summary_large_image","twitter_creator":"@Nappynko","twitter_site":"@Nappynko","twitter_misc":{"\u00c9crit par":"NappynkoBlog2","Dur\u00e9e de lecture estim\u00e9e":"3 minutes"},"schema":{"@context":"https:\/\/schema.org","@graph":[{"@type":"Article","@id":"https:\/\/nappynko.com\/blog\/3-aliments-a-integrer-alimentation-cet-hiver\/#article","isPartOf":{"@id":"https:\/\/nappynko.com\/blog\/3-aliments-a-integrer-alimentation-cet-hiver\/"},"author":{"name":"NappynkoBlog2","@id":"https:\/\/nappynko.com\/blog\/#\/schema\/person\/b2240ea937a742abd56b09cfc855c4dd"},"headline":"Les 3 aliments \u00e0 int\u00e9grer dans votre alimentation cet hiver","datePublished":"2016-11-21T11:31:25+00:00","dateModified":"2020-04-22T08:29:46+00:00","mainEntityOfPage":{"@id":"https:\/\/nappynko.com\/blog\/3-aliments-a-integrer-alimentation-cet-hiver\/"},"wordCount":635,"commentCount":0,"publisher":{"@id":"https:\/\/nappynko.com\/blog\/#organization"},"image":{"@id":"https:\/\/nappynko.com\/blog\/3-aliments-a-integrer-alimentation-cet-hiver\/#primaryimage"},"thumbnailUrl":"https:\/\/nappynko.com\/blog\/wp-content\/uploads\/2016\/11\/54776181_ml.jpg","keywords":["Alimentation","Compl\u00e9ments alimentaires","Hiver","pousse des cheveux","Routine","vitamines"],"articleSection":["L'entretien au quotidien_Kezako","La chute des cheveux","Les bienfaits de la nature"],"inLanguage":"fr-FR","potentialAction":[{"@type":"CommentAction","name":"Comment","target":["https:\/\/nappynko.com\/blog\/3-aliments-a-integrer-alimentation-cet-hiver\/#respond"]}]},{"@type":"WebPage","@id":"https:\/\/nappynko.com\/blog\/3-aliments-a-integrer-alimentation-cet-hiver\/","url":"https:\/\/nappynko.com\/blog\/3-aliments-a-integrer-alimentation-cet-hiver\/","name":"Hiver : les 3 aliments \u00e0 int\u00e9grer dans votre alimentation","isPartOf":{"@id":"https:\/\/nappynko.com\/blog\/#website"},"primaryImageOfPage":{"@id":"https:\/\/nappynko.com\/blog\/3-aliments-a-integrer-alimentation-cet-hiver\/#primaryimage"},"image":{"@id":"https:\/\/nappynko.com\/blog\/3-aliments-a-integrer-alimentation-cet-hiver\/#primaryimage"},"thumbnailUrl":"https:\/\/nappynko.com\/blog\/wp-content\/uploads\/2016\/11\/54776181_ml.jpg","datePublished":"2016-11-21T11:31:25+00:00","dateModified":"2020-04-22T08:29:46+00:00","description":"L'hiver arrive \u00e0 grand pas et de ce fait nous vous proposons 3 cat\u00e9gories d'aliments \u00e0 int\u00e9grer dans votre alimentation cet hiver","breadcrumb":{"@id":"https:\/\/nappynko.com\/blog\/3-aliments-a-integrer-alimentation-cet-hiver\/#breadcrumb"},"inLanguage":"fr-FR","potentialAction":[{"@type":"ReadAction","target":["https:\/\/nappynko.com\/blog\/3-aliments-a-integrer-alimentation-cet-hiver\/"]}]},{"@type":"ImageObject","inLanguage":"fr-FR","@id":"https:\/\/nappynko.com\/blog\/3-aliments-a-integrer-alimentation-cet-hiver\/#primaryimage","url":"https:\/\/nappynko.com\/blog\/wp-content\/uploads\/2016\/11\/54776181_ml.jpg","contentUrl":"https:\/\/nappynko.com\/blog\/wp-content\/uploads\/2016\/11\/54776181_ml.jpg","width":1678,"height":1119,"caption":"54776181 - balanced diet, cooking, culinary and food concept - close up of different foodstuffs on table"},{"@type":"BreadcrumbList","@id":"https:\/\/nappynko.com\/blog\/3-aliments-a-integrer-alimentation-cet-hiver\/#breadcrumb","itemListElement":[{"@type":"ListItem","position":1,"name":"Accueil","item":"https:\/\/nappynko.com\/blog\/"},{"@type":"ListItem","position":2,"name":"Les 3 aliments \u00e0 int\u00e9grer dans votre alimentation cet hiver"}]},{"@type":"WebSite","@id":"https:\/\/nappynko.com\/blog\/#website","url":"https:\/\/nappynko.com\/blog\/","name":"Nappy N'ko : Conseils, astuces pour cheveux cr\u00e9pus, fris\u00e9s et ondul\u00e9s au naturel !","description":"","publisher":{"@id":"https:\/\/nappynko.com\/blog\/#organization"},"potentialAction":[{"@type":"SearchAction","target":{"@type":"EntryPoint","urlTemplate":"https:\/\/nappynko.com\/blog\/?s={search_term_string}"},"query-input":{"@type":"PropertyValueSpecification","valueRequired":true,"valueName":"search_term_string"}}],"inLanguage":"fr-FR"},{"@type":"Organization","@id":"https:\/\/nappynko.com\/blog\/#organization","name":"Nappy N'ko","url":"https:\/\/nappynko.com\/blog\/","logo":{"@type":"ImageObject","inLanguage":"fr-FR","@id":"https:\/\/nappynko.com\/blog\/#\/schema\/logo\/image\/","url":"https:\/\/nappynko.com\/blog\/wp-content\/uploads\/2015\/07\/logo-nappy-n-ko-produits-nappy.jpg","contentUrl":"https:\/\/nappynko.com\/blog\/wp-content\/uploads\/2015\/07\/logo-nappy-n-ko-produits-nappy.jpg","width":139,"height":140,"caption":"Nappy N'ko"},"image":{"@id":"https:\/\/nappynko.com\/blog\/#\/schema\/logo\/image\/"},"sameAs":["https:\/\/www.facebook.com\/NappyNKo\/","https:\/\/x.com\/Nappynko","https:\/\/www.instagram.com\/nappy_nko\/","https:\/\/www.pinterest.fr\/nappyNko\/pins\/"]},{"@type":"Person","@id":"https:\/\/nappynko.com\/blog\/#\/schema\/person\/b2240ea937a742abd56b09cfc855c4dd","name":"NappynkoBlog2","image":{"@type":"ImageObject","inLanguage":"fr-FR","@id":"https:\/\/secure.gravatar.com\/avatar\/3aaca9ea28b48d2023f4704ebe122948837bf43095bb8daacfa2f906b7904e73?s=96&d=mm&r=g","url":"https:\/\/secure.gravatar.com\/avatar\/3aaca9ea28b48d2023f4704ebe122948837bf43095bb8daacfa2f906b7904e73?s=96&d=mm&r=g","contentUrl":"https:\/\/secure.gravatar.com\/avatar\/3aaca9ea28b48d2023f4704ebe122948837bf43095bb8daacfa2f906b7904e73?s=96&d=mm&r=g","caption":"NappynkoBlog2"},"url":"https:\/\/nappynko.com\/blog\/author\/nappynkoblog2\/"}]}},"_links":{"self":[{"href":"https:\/\/nappynko.com\/blog\/wp-json\/wp\/v2\/posts\/1479","targetHints":{"allow":["GET"]}}],"collection":[{"href":"https:\/\/nappynko.com\/blog\/wp-json\/wp\/v2\/posts"}],"about":[{"href":"https:\/\/nappynko.com\/blog\/wp-json\/wp\/v2\/types\/post"}],"author":[{"embeddable":true,"href":"https:\/\/nappynko.com\/blog\/wp-json\/wp\/v2\/users\/4"}],"replies":[{"embeddable":true,"href":"https:\/\/nappynko.com\/blog\/wp-json\/wp\/v2\/comments?post=1479"}],"version-history":[{"count":0,"href":"https:\/\/nappynko.com\/blog\/wp-json\/wp\/v2\/posts\/1479\/revisions"}],"wp:featuredmedia":[{"embeddable":true,"href":"https:\/\/nappynko.com\/blog\/wp-json\/wp\/v2\/media\/1481"}],"wp:attachment":[{"href":"https:\/\/nappynko.com\/blog\/wp-json\/wp\/v2\/media?parent=1479"}],"wp:term":[{"taxonomy":"category","embeddable":true,"href":"https:\/\/nappynko.com\/blog\/wp-json\/wp\/v2\/categories?post=1479"},{"taxonomy":"post_tag","embeddable":true,"href":"https:\/\/nappynko.com\/blog\/wp-json\/wp\/v2\/tags?post=1479"}],"curies":[{"name":"wp","href":"https:\/\/api.w.org\/{rel}","templated":true}]}}